{"id":94473,"date":"2025-08-23T17:24:32","date_gmt":"2025-08-23T20:24:32","guid":{"rendered":"http:\/\/tierradelfuego24.com\/web\/2025\/08\/23\/francos-insistio-en-la-defensa-de-milei-y-karina-tras-el-escandalo-de-los-audios-de-spagnuolo\/"},"modified":"2025-08-23T17:24:32","modified_gmt":"2025-08-23T20:24:32","slug":"francos-insistio-en-la-defensa-de-milei-y-karina-tras-el-escandalo-de-los-audios-de-spagnuolo","status":"publish","type":"post","link":"https:\/\/tierradelfuego24.com\/web\/2025\/08\/23\/francos-insistio-en-la-defensa-de-milei-y-karina-tras-el-escandalo-de-los-audios-de-spagnuolo\/","title":{"rendered":"Francos insisti\u00f3 en la defensa de Milei y Karina tras el esc\u00e1ndalo de los audios de Spagnuolo"},"content":{"rendered":"<p>El jefe de Gabinete, <a href=\"https:\/\/www.lanacion.com.ar\/politica\/milei-dijo-que-spagnuolo-jamas-le-hizo-un-comentario-sobre-el-caso-de-los-audios-donde-se-revelan-nid22082025\/\" target=\"_self\" rel=\"\" title=\"https:\/\/www.lanacion.com.ar\/politica\/milei-dijo-que-spagnuolo-jamas-le-hizo-un-comentario-sobre-el-caso-de-los-audios-donde-se-revelan-nid22082025\/\"><b>Guillermo Francos<\/b>,<\/a> volvi\u00f3 a referirse al esc\u00e1ndalo de los audios de <b>Diego Spagnuolo<\/b>, ex titular de la <b>Agencia de Discapacidad (Andis), <\/b>en los que presuntamente hablaba de pedidos de coimas en su \u00e1rea, en los que se involucra tambi\u00e9n en la trama a la secretaria general de la Presidencia, <b>Karina Milei, <\/b>y a su principal espada pol\u00edtica, el subsecretario de Gesti\u00f3n Instituci\u00f3n, <b>Eduardo \u201cLule\u201d Menem<\/b>. El funcionario deslig\u00f3 de la cuesti\u00f3n al mandatario y su hermana y asegur\u00f3 que el Gobierno est\u00e1<b> \u201cinternamente tranquilo\u201d<\/b> y que se trata de <b>\u201calgo armado\u201d. <\/b><\/p>\n<p><b>\u201cEl Gobierno est\u00e1 internamente tranquilo. Toda esta acci\u00f3n pol\u00edtica, desde nuestro punto de vista, tiene obviamente mucho que ver con un periodo preelectoral\u201d, <\/b>se\u00f1al\u00f3 el jefe de Gabinete. \u201cNo es muy dif\u00edcil atar una cosa con la otra y pensar que todo esto es algo armado. Por suerte, nosotros pensamos que la mejor forma de que esto se aclare en el sentido que corresponda es que act\u00fae la Justicia\u201d, sostuvo Francos en di\u00e1logo con <i>Radio Mitre. <\/i><\/p>\n<p>\u201cEstamos seguros de que no tenemos nada que ver como Gobierno en el tema que se ha hecho a partir de este audio, que no sabemos c\u00f3mo lleg\u00f3, c\u00f3mo apareci\u00f3, cu\u00e1ndo se hizo, c\u00f3mo se hizo, si est\u00e1 cortado o editado\u201d, destac\u00f3 Francos. <\/p>\n<p>\u201cNosotros no le tenemos temor a la Justicia porque, en este caso, tienen que probarse hechos y nosotros creemos que no los hay\u201d, precis\u00f3 el funcionario. \u201cY si los tuviera, el responsable de los hechos tendr\u00eda que estar preso, me parece, o tendr\u00eda que ser sentenciado\u201d, a\u00f1adi\u00f3. <\/p>\n<p>En otro tramo de la entrevista, Francos dijo que Karina Milei \u201cest\u00e1 siendo atacada de una manera salvaje e injusta\u201d e insisti\u00f3 en la defensa de los Milei: <b>\u201cYo no tengo ninguna duda de que tanto el Presidente como la hermana del Presidente, Karina, son personas absolutamente honestas y no tienen nada que ver con los hechos que tampoco se han denunciado\u201d<\/b>, apunt\u00f3. <\/p>\n<p>Francos fue el primer representante del Gobierno en referirse al desplazamiento de Spagnuolo. Este jueves, al salir del evento <a href=\"https:\/\/www.lanacion.com.ar\/economia\/caputo-explico-por-que-al-gobierno-le-juega-a-favor-lo-que-paso-en-el-congreso-con-los-vetos-de-nid21082025\/\" rel=\"\" title=\"https:\/\/www.lanacion.com.ar\/economia\/caputo-explico-por-que-al-gobierno-le-juega-a-favor-lo-que-paso-en-el-congreso-con-los-vetos-de-nid21082025\/\"><b>Council of the Americas<\/b><\/a>, lleg\u00f3 a decir que no pon\u00eda <b>\u201clas manos en el fuego\u201d <\/b>por ninguno de los funcionarios de la administraci\u00f3n libertaria, si bien r\u00e1pidamente luego aclar\u00f3 que conf\u00eda tanto en Karina Milei como en \u201cLule\u201d Menem.<\/p>\n<p>Ayer, en tanto, el jefe de Gabinete revel\u00f3 en di\u00e1logo radial que fue \u00e9l quien le dijo al primer mandatario que deb\u00eda desplazar a Spagnuolo de su cargo. Asimismo, pese a que en los <b>audios se menciona que el tema habr\u00eda llegado a o\u00eddos del jefe de Estado tiempo atr\u00e1s, <\/b>Francos cont\u00f3 ayer que el propio Milei sostuvo que el exfuncionario nunca le mencion\u00f3 nada relacionado con el contenido de la grabaci\u00f3n. <\/p>\n<p>\u201cCreo que fue anteayer [por el mi\u00e9rcoles] cuando sal\u00edamos de una reuni\u00f3n con la gente de R\u00edo Tinto, la empresa minera con la que estuvimos conversando sobre la inversi\u00f3n que iban a hacer en la Argentina. Yo le coment\u00e9 al Presidente esto de Spagnuolo y me dijo: \u2018A m\u00ed jam\u00e1s me hizo un comentario sobre esto\u2019\u201d, relat\u00f3 Francos.<\/p>\n<p><i><b>Noticia en desarrollo<\/b><\/i><\/p>\n<p>\u200b<\/p>\n<p>El jefe de Gabinete, <a href=\"https:\/\/www.lanacion.com.ar\/politica\/milei-dijo-que-spagnuolo-jamas-le-hizo-un-comentario-sobre-el-caso-de-los-audios-donde-se-revelan-nid22082025\/\" target=\"_self\" rel=\"\" title=\"https:\/\/www.lanacion.com.ar\/politica\/milei-dijo-que-spagnuolo-jamas-le-hizo-un-comentario-sobre-el-caso-de-los-audios-donde-se-revelan-nid22082025\/\"><b>Guillermo Francos<\/b>,<\/a> volvi\u00f3 a referirse al esc\u00e1ndalo de los audios de <b>Diego Spagnuolo<\/b>, ex titular de la <b>Agencia de Discapacidad (Andis), <\/b>en los que presuntamente hablaba de pedidos de coimas en su \u00e1rea, en los que se involucra tambi\u00e9n en la trama a la secretaria general de la Presidencia, <b>Karina Milei, <\/b>y a su principal espada pol\u00edtica, el subsecretario de Gesti\u00f3n Instituci\u00f3n, <b>Eduardo \u201cLule\u201d Menem<\/b>. El funcionario deslig\u00f3 de la cuesti\u00f3n al mandatario y su hermana y asegur\u00f3 que el Gobierno est\u00e1<b> \u201cinternamente tranquilo\u201d<\/b> y que se trata de <b>\u201calgo armado\u201d. <\/b><\/p>\n<p><b>\u201cEl Gobierno est\u00e1 internamente tranquilo. Toda esta acci\u00f3n pol\u00edtica, desde nuestro punto de vista, tiene obviamente mucho que ver con un periodo preelectoral\u201d, <\/b>se\u00f1al\u00f3 el jefe de Gabinete. \u201cNo es muy dif\u00edcil atar una cosa con la otra y pensar que todo esto es algo armado. Por suerte, nosotros pensamos que la mejor forma de que esto se aclare en el sentido que corresponda es que act\u00fae la Justicia\u201d, sostuvo Francos en di\u00e1logo con <i>Radio Mitre. <\/i><\/p>\n<p>\u201cEstamos seguros de que no tenemos nada que ver como Gobierno en el tema que se ha hecho a partir de este audio, que no sabemos c\u00f3mo lleg\u00f3, c\u00f3mo apareci\u00f3, cu\u00e1ndo se hizo, c\u00f3mo se hizo, si est\u00e1 cortado o editado\u201d, destac\u00f3 Francos. <\/p>\n<p>\u201cNosotros no le tenemos temor a la Justicia porque, en este caso, tienen que probarse hechos y nosotros creemos que no los hay\u201d, precis\u00f3 el funcionario. \u201cY si los tuviera, el responsable de los hechos tendr\u00eda que estar preso, me parece, o tendr\u00eda que ser sentenciado\u201d, a\u00f1adi\u00f3. <\/p>\n<p>En otro tramo de la entrevista, Francos dijo que Karina Milei \u201cest\u00e1 siendo atacada de una manera salvaje e injusta\u201d e insisti\u00f3 en la defensa de los Milei: <b>\u201cYo no tengo ninguna duda de que tanto el Presidente como la hermana del Presidente, Karina, son personas absolutamente honestas y no tienen nada que ver con los hechos que tampoco se han denunciado\u201d<\/b>, apunt\u00f3. <\/p>\n<p>Francos fue el primer representante del Gobierno en referirse al desplazamiento de Spagnuolo. Este jueves, al salir del evento <a href=\"https:\/\/www.lanacion.com.ar\/economia\/caputo-explico-por-que-al-gobierno-le-juega-a-favor-lo-que-paso-en-el-congreso-con-los-vetos-de-nid21082025\/\" rel=\"\" title=\"https:\/\/www.lanacion.com.ar\/economia\/caputo-explico-por-que-al-gobierno-le-juega-a-favor-lo-que-paso-en-el-congreso-con-los-vetos-de-nid21082025\/\"><b>Council of the Americas<\/b><\/a>, lleg\u00f3 a decir que no pon\u00eda <b>\u201clas manos en el fuego\u201d <\/b>por ninguno de los funcionarios de la administraci\u00f3n libertaria, si bien r\u00e1pidamente luego aclar\u00f3 que conf\u00eda tanto en Karina Milei como en \u201cLule\u201d Menem.<\/p>\n<p>Ayer, en tanto, el jefe de Gabinete revel\u00f3 en di\u00e1logo radial que fue \u00e9l quien le dijo al primer mandatario que deb\u00eda desplazar a Spagnuolo de su cargo. Asimismo, pese a que en los <b>audios se menciona que el tema habr\u00eda llegado a o\u00eddos del jefe de Estado tiempo atr\u00e1s, <\/b>Francos cont\u00f3 ayer que el propio Milei sostuvo que el exfuncionario nunca le mencion\u00f3 nada relacionado con el contenido de la grabaci\u00f3n. <\/p>\n<p>\u201cCreo que fue anteayer [por el mi\u00e9rcoles] cuando sal\u00edamos de una reuni\u00f3n con la gente de R\u00edo Tinto, la empresa minera con la que estuvimos conversando sobre la inversi\u00f3n que iban a hacer en la Argentina. Yo le coment\u00e9 al Presidente esto de Spagnuolo y me dijo: \u2018A m\u00ed jam\u00e1s me hizo un comentario sobre esto\u2019\u201d, relat\u00f3 Francos.<\/p>\n<p><i><b>Noticia en desarrollo<\/b><\/i><\/p>\n<p>\u00a0El jefe de Gabinete dijo que el Gobierno est\u00e1 \u201cinternamente tranquilo\u201d y sostuvo que la difusi\u00f3n de las grabaciones responden a un \u201cper\u00edodo preelectoral\u201d\u00a0\u00a0LA NACION<\/p>\n<p>\u200b<a href=\"https:\/\/www.lanacion.com.ar\/politica\/francos-insistio-en-su-defensa-a-milei-y-karina-tras-el-escandalo-de-los-audios-de-spagnuolo-nid23082025\/\" target=\"_blank\" class=\"feedzy-rss-link-icon\">Read More<\/a><\/p>","protected":false},"excerpt":{"rendered":"<p>El jefe de Gabinete, Guillermo Francos, volvi\u00f3 a referirse al esc\u00e1ndalo de los audios de Diego Spagnuolo, ex titular de la Agencia de Discapacidad (Andis), en los que presuntamente hablaba de pedidos de coimas en su \u00e1rea, en los que se involucra tambi\u00e9n en la trama a la secretaria general de la Presidencia, Karina Milei, &hellip;<\/p>\n","protected":false},"author":0,"featured_media":94474,"comment_status":"","ping_status":"open","sticky":false,"template":"","format":"standard","meta":{"footnotes":""},"categories":[48,33,39],"tags":[],"class_list":["post-94473","post","type-post","status-publish","format-standard","has-post-thumbnail","hentry","category-interes-general","category-nacionales","category-ultimas-noticias"],"_links":{"self":[{"href":"https:\/\/tierradelfuego24.com\/web\/wp-json\/wp\/v2\/posts\/94473","targetHints":{"allow":["GET"]}}],"collection":[{"href":"https:\/\/tierradelfuego24.com\/web\/wp-json\/wp\/v2\/posts"}],"about":[{"href":"https:\/\/tierradelfuego24.com\/web\/wp-json\/wp\/v2\/types\/post"}],"replies":[{"embeddable":true,"href":"https:\/\/tierradelfuego24.com\/web\/wp-json\/wp\/v2\/comments?post=94473"}],"version-history":[{"count":0,"href":"https:\/\/tierradelfuego24.com\/web\/wp-json\/wp\/v2\/posts\/94473\/revisions"}],"wp:featuredmedia":[{"embeddable":true,"href":"https:\/\/tierradelfuego24.com\/web\/wp-json\/wp\/v2\/media\/94474"}],"wp:attachment":[{"href":"https:\/\/tierradelfuego24.com\/web\/wp-json\/wp\/v2\/media?parent=94473"}],"wp:term":[{"taxonomy":"category","embeddable":true,"href":"https:\/\/tierradelfuego24.com\/web\/wp-json\/wp\/v2\/categories?post=94473"},{"taxonomy":"post_tag","embeddable":true,"href":"https:\/\/tierradelfuego24.com\/web\/wp-json\/wp\/v2\/tags?post=94473"}],"curies":[{"name":"wp","href":"https:\/\/api.w.org\/{rel}","templated":true}]}}